{"id":15794,"date":"2024-04-05T12:09:13","date_gmt":"2024-04-05T10:09:13","guid":{"rendered":"https:\/\/www.lisot.com\/el-72-de-las-empresas-se-plantea-repatriar-sus-datos-de-la-nube\/"},"modified":"2024-05-06T16:30:39","modified_gmt":"2024-05-06T14:30:39","slug":"el-72-de-les-empreses-es-planteja-repatriar-les-seves-dades-del-nuvol","status":"publish","type":"post","link":"https:\/\/www.lisot.com\/ca\/el-72-de-les-empreses-es-planteja-repatriar-les-seves-dades-del-nuvol\/","title":{"rendered":"El 72% de les empreses es planteja \u201crepatriar\u201d les seves dades del n\u00favol"},"content":{"rendered":"<p>Segons un informe elaborat a petici\u00f3 de Cloudera, moltes organitzacions s&#8217;han adonat que el cloud computing no \u00e9s tan rendible com es prometia.<\/p>\n<p>Portar les dades i les aplicacions al n\u00favol prometia ser una soluci\u00f3 m\u00e9s \u00e0gil, efica\u00e7 i fins a rendible per a moltes companyies. De fet, moltes organitzacions es van veure pressionades a traslladar la seva operativa a models de cloud computing especialment durant els confinaments per la pand\u00e8mia de la Covid. No obstant aix\u00f2, ara s&#8217;han adonat que no \u00e9s or tot el que rellueix: gaireb\u00e9 3 de cada 4 empreses s&#8217;estan plantejant \u201crepatriar\u201d les dades que van portar al n\u00favol i fer que resideixin en els seus propis servidors o <a href=\"https:\/\/www.lisot.com\/ca\/que-es-un-datacenter\/\">centres de dades<\/a>.<\/p>\n<p>Aix\u00ed almenys ho posa de manifest un estudi realitzat per Coleman Parkes Research a petici\u00f3 de Cloudera (un prove\u00efdor de solucions de gesti\u00f3 de la dada) i que ha estat donat a con\u00e8ixer a un petit grup de periodistes.<\/p>\n<p>Anar-se al n\u00favol no era nom\u00e9s anar-se al n\u00favol. La veritat \u00e9s que migrar a una plataforma en el n\u00favol no t\u00e9 molt sentit si no optimitzes les teves necessitats i c\u00e0rrega de treball per al n\u00favol. Fer-ho amb aplicacions antigues i no adaptar-les als nous temps o aprofitar els avantatges dels contenidors o el clustering podia resultar en una cosa contraproduent, i sobretot&#8230;<\/p>\n<p>Les empreses que tornen a gestionar els seus n\u00favols privats necessiten vigilar molt de prop la infraestructura local per a evitar fallades de seguretat, experts perqu\u00e8 gestionin els serveis i dades i tamb\u00e9 una an\u00e0lisi acurada dels recursos maquinari que necessiten. Tot aix\u00f2 imposa un cost econ\u00f2mic i de recursos, i cal tenir-lo molt en compte a llarg termini.<\/p>\n<p>En el segon trimestre de 2022, els serveis en el n\u00favol van facturar un total de 62.300 milions de d\u00f2lars (aproximadament 61.000 milions d&#8217;euros), la qual cosa representa un augment del 33% en comparaci\u00f3 amb l&#8217;any anterior.<\/p>\n<p>Els tres principals prove\u00efdors de serveis en el n\u00favol s\u00f3n:<\/p>\n<ul>\n<li><strong>Amazon Web Services (AWS):<br \/>\n<\/strong> AWS va facturar 19.739 milions de d\u00f2lars (al voltant de 19.291 milions d&#8217;euros) en el trimestre, la qual cosa representa el 31% de la despesa total.<br \/>\nMalgrat la compet\u00e8ncia, AWS continua sent un l\u00edder en el mercat de serveis en el n\u00favol.<\/li>\n<li><strong>Microsoft Azure:<br \/>\n<\/strong>Azure va ser el segon prove\u00efdor m\u00e9s gran, amb una quota de mercat del 24%.<br \/>\nVa facturar gaireb\u00e9 15.000 milions de d\u00f2lars (uns 14.610 milions d&#8217;euros) i va experimentar un creixement anual del 40%.<\/li>\n<li><strong>Google Cloud:<br \/>\n<\/strong>Google Cloud va facturar 6.276 milions de d\u00f2lars (al voltant de 6.132 milions d&#8217;euros) en l&#8217;\u00faltim trimestre.<br \/>\nControla aproximadament el 8% del mercat i va experimentar un creixement del 45%.<\/li>\n<\/ul>\n<p>Podria semblar que aquesta decisi\u00f3 de moltes empreses de deixar aquests serveis ser\u00e0 un greu problema per a empreses com Amazon o Microsoft, per\u00f2 la realitat \u00e9s que tenen un fil\u00f3 m\u00e9s gros a la vista: el de la IA, que est\u00e0 fent que apareguin una infinitat de serveis web que precisament estan allotjats en el n\u00favol. I m\u00e9s que apareixeran.<\/p>\n<p>Des de LISOT, oferim la gesti\u00f3 de les infraestructures locals i de datacenters privats. Com a experts en <a href=\"https:\/\/www.lisot.com\/empresa-mantenimiento-informatico-barcelona\/\">serveis inform\u00e0tics per a empreses<\/a> podem oferir-te la millor soluci\u00f3, <a href=\"https:\/\/www.lisot.com\/contacto-empresa-informatica-barcelona\/\">consulta&#8217;ns sense comprom\u00eds<\/a><\/p>\n","protected":false},"excerpt":{"rendered":"<p>Segons un informe elaborat a petici\u00f3 de Cloudera, moltes organitzacions s&#8217;han adonat que el cloud computing no \u00e9s tan rendible com es prometia. Portar les dades i les aplicacions al n\u00favol prometia ser una soluci\u00f3 m\u00e9s \u00e0gil, efica\u00e7 i fins a rendible per a moltes companyies. De fet, moltes organitzacions es van veure pressionades a traslladar  [&#8230;]<\/p>\n","protected":false},"author":1,"featured_media":15796,"comment_status":"open","ping_status":"open","sticky":false,"template":"","format":"standard","meta":{"_exactmetrics_skip_tracking":false,"_exactmetrics_sitenote_active":false,"_exactmetrics_sitenote_note":"","_exactmetrics_sitenote_category":0,"footnotes":""},"categories":[107],"tags":[172,175,312,171,150,152,257],"class_list":["post-15794","post","type-post","status-publish","format-standard","has-post-thumbnail","hentry","category-cloud-computing-ca","tag-amazon-web-services-ca","tag-datacenter-ca","tag-google-ca","tag-microsoft-azure-ca","tag-nube-empresarial-ca","tag-serveis-al-nuvol","tag-serveis-informatics-per-a-empreses"],"yoast_head":"<!-- This site is optimized with the Yoast SEO plugin v24.4 - https:\/\/yoast.com\/wordpress\/plugins\/seo\/ -->\n<title>El 72% de les empreses es planteja \u201crepatriar\u201d les seves dades del n\u00favol - LISOT<\/title>\n<meta name=\"description\" content=\"Segons un informe elaborat a petici\u00f3 de Cloudera, moltes organitzacions s&#039;han adonat que el cloud computing no \u00e9s tan rendible com es prometia.\" \/>\n<meta name=\"robots\" content=\"index, follow, max-snippet:-1, max-image-preview:large, max-video-preview:-1\" \/>\n<link rel=\"canonical\" href=\"https:\/\/www.lisot.com\/ca\/el-72-de-les-empreses-es-planteja-repatriar-les-seves-dades-del-nuvol\/\" \/>\n<meta property=\"og:locale\" content=\"ca_ES\" \/>\n<meta property=\"og:type\" content=\"article\" \/>\n<meta property=\"og:title\" content=\"El 72% de les empreses es planteja \u201crepatriar\u201d les seves dades del n\u00favol - LISOT\" \/>\n<meta property=\"og:description\" content=\"Segons un informe elaborat a petici\u00f3 de Cloudera, moltes organitzacions s&#039;han adonat que el cloud computing no \u00e9s tan rendible com es prometia.\" \/>\n<meta property=\"og:url\" content=\"https:\/\/www.lisot.com\/ca\/el-72-de-les-empreses-es-planteja-repatriar-les-seves-dades-del-nuvol\/\" \/>\n<meta property=\"og:site_name\" content=\"LISOT\" \/>\n<meta property=\"article:publisher\" content=\"https:\/\/www.facebook.com\/lisot.bcn\/\" \/>\n<meta property=\"article:published_time\" content=\"2024-04-05T10:09:13+00:00\" \/>\n<meta property=\"article:modified_time\" content=\"2024-05-06T14:30:39+00:00\" \/>\n<meta property=\"og:image\" content=\"https:\/\/www.lisot.com\/wp-content\/uploads\/2024\/04\/data-center-privado-o-nube.jpg\" \/>\n\t<meta property=\"og:image:width\" content=\"1560\" \/>\n\t<meta property=\"og:image:height\" content=\"960\" \/>\n\t<meta property=\"og:image:type\" content=\"image\/jpeg\" \/>\n<meta name=\"author\" content=\"Lisot Inform\u00e1tica empresarial\" \/>\n<meta name=\"twitter:card\" content=\"summary_large_image\" \/>\n<meta name=\"twitter:label1\" content=\"Escrit per\" \/>\n\t<meta name=\"twitter:data1\" content=\"Lisot Inform\u00e1tica empresarial\" \/>\n\t<meta name=\"twitter:label2\" content=\"Temps estimat de lectura\" \/>\n\t<meta name=\"twitter:data2\" content=\"3 minuts\" \/>\n<script type=\"application\/ld+json\" class=\"yoast-schema-graph\">{\"@context\":\"https:\/\/schema.org\",\"@graph\":[{\"@type\":\"Article\",\"@id\":\"https:\/\/www.lisot.com\/ca\/el-72-de-les-empreses-es-planteja-repatriar-les-seves-dades-del-nuvol\/#article\",\"isPartOf\":{\"@id\":\"https:\/\/www.lisot.com\/ca\/el-72-de-les-empreses-es-planteja-repatriar-les-seves-dades-del-nuvol\/\"},\"author\":{\"name\":\"Lisot Inform\u00e1tica empresarial\",\"@id\":\"https:\/\/www.lisot.com\/ca\/#\/schema\/person\/ad47c23ca839daac904ca459ba7089b4\"},\"headline\":\"El 72% de les empreses es planteja \u201crepatriar\u201d les seves dades del n\u00favol\",\"datePublished\":\"2024-04-05T10:09:13+00:00\",\"dateModified\":\"2024-05-06T14:30:39+00:00\",\"mainEntityOfPage\":{\"@id\":\"https:\/\/www.lisot.com\/ca\/el-72-de-les-empreses-es-planteja-repatriar-les-seves-dades-del-nuvol\/\"},\"wordCount\":571,\"commentCount\":0,\"publisher\":{\"@id\":\"https:\/\/www.lisot.com\/ca\/#organization\"},\"image\":{\"@id\":\"https:\/\/www.lisot.com\/ca\/el-72-de-les-empreses-es-planteja-repatriar-les-seves-dades-del-nuvol\/#primaryimage\"},\"thumbnailUrl\":\"https:\/\/www.lisot.com\/wp-content\/uploads\/2024\/04\/data-center-privado-o-nube.jpg\",\"keywords\":[\"Amazon Web Services\",\"Datacenter\",\"google\",\"Microsoft Azure\",\"nube empresarial\",\"serveis al n\u00favol\",\"serveis inform\u00e0tics per a empreses\"],\"articleSection\":[\"Cloud Computing\"],\"inLanguage\":\"ca\",\"potentialAction\":[{\"@type\":\"CommentAction\",\"name\":\"Comment\",\"target\":[\"https:\/\/www.lisot.com\/ca\/el-72-de-les-empreses-es-planteja-repatriar-les-seves-dades-del-nuvol\/#respond\"]}]},{\"@type\":\"WebPage\",\"@id\":\"https:\/\/www.lisot.com\/ca\/el-72-de-les-empreses-es-planteja-repatriar-les-seves-dades-del-nuvol\/\",\"url\":\"https:\/\/www.lisot.com\/ca\/el-72-de-les-empreses-es-planteja-repatriar-les-seves-dades-del-nuvol\/\",\"name\":\"El 72% de les empreses es planteja \u201crepatriar\u201d les seves dades del n\u00favol - LISOT\",\"isPartOf\":{\"@id\":\"https:\/\/www.lisot.com\/ca\/#website\"},\"primaryImageOfPage\":{\"@id\":\"https:\/\/www.lisot.com\/ca\/el-72-de-les-empreses-es-planteja-repatriar-les-seves-dades-del-nuvol\/#primaryimage\"},\"image\":{\"@id\":\"https:\/\/www.lisot.com\/ca\/el-72-de-les-empreses-es-planteja-repatriar-les-seves-dades-del-nuvol\/#primaryimage\"},\"thumbnailUrl\":\"https:\/\/www.lisot.com\/wp-content\/uploads\/2024\/04\/data-center-privado-o-nube.jpg\",\"datePublished\":\"2024-04-05T10:09:13+00:00\",\"dateModified\":\"2024-05-06T14:30:39+00:00\",\"description\":\"Segons un informe elaborat a petici\u00f3 de Cloudera, moltes organitzacions s'han adonat que el cloud computing no \u00e9s tan rendible com es prometia.\",\"breadcrumb\":{\"@id\":\"https:\/\/www.lisot.com\/ca\/el-72-de-les-empreses-es-planteja-repatriar-les-seves-dades-del-nuvol\/#breadcrumb\"},\"inLanguage\":\"ca\",\"potentialAction\":[{\"@type\":\"ReadAction\",\"target\":[\"https:\/\/www.lisot.com\/ca\/el-72-de-les-empreses-es-planteja-repatriar-les-seves-dades-del-nuvol\/\"]}]},{\"@type\":\"ImageObject\",\"inLanguage\":\"ca\",\"@id\":\"https:\/\/www.lisot.com\/ca\/el-72-de-les-empreses-es-planteja-repatriar-les-seves-dades-del-nuvol\/#primaryimage\",\"url\":\"https:\/\/www.lisot.com\/wp-content\/uploads\/2024\/04\/data-center-privado-o-nube.jpg\",\"contentUrl\":\"https:\/\/www.lisot.com\/wp-content\/uploads\/2024\/04\/data-center-privado-o-nube.jpg\",\"width\":1560,\"height\":960,\"caption\":\"Modern data center providing cloud services, enabling businesses to access computing resources and storage on demand over internet. Server room infrastructure 3D render animation\"},{\"@type\":\"BreadcrumbList\",\"@id\":\"https:\/\/www.lisot.com\/ca\/el-72-de-les-empreses-es-planteja-repatriar-les-seves-dades-del-nuvol\/#breadcrumb\",\"itemListElement\":[{\"@type\":\"ListItem\",\"position\":1,\"name\":\"Portada\",\"item\":\"https:\/\/www.lisot.com\/ca\/\"},{\"@type\":\"ListItem\",\"position\":2,\"name\":\"El 72% de les empreses es planteja \u201crepatriar\u201d les seves dades del n\u00favol\"}]},{\"@type\":\"WebSite\",\"@id\":\"https:\/\/www.lisot.com\/ca\/#website\",\"url\":\"https:\/\/www.lisot.com\/ca\/\",\"name\":\"LISOT\",\"description\":\"Empresa de mantenimient inform\u00e0tic a Barcelona\",\"publisher\":{\"@id\":\"https:\/\/www.lisot.com\/ca\/#organization\"},\"potentialAction\":[{\"@type\":\"SearchAction\",\"target\":{\"@type\":\"EntryPoint\",\"urlTemplate\":\"https:\/\/www.lisot.com\/ca\/?s={search_term_string}\"},\"query-input\":{\"@type\":\"PropertyValueSpecification\",\"valueRequired\":true,\"valueName\":\"search_term_string\"}}],\"inLanguage\":\"ca\"},{\"@type\":\"Organization\",\"@id\":\"https:\/\/www.lisot.com\/ca\/#organization\",\"name\":\"Lisot - Inform\u00e1tica empresarial en Barcelona\",\"url\":\"https:\/\/www.lisot.com\/ca\/\",\"logo\":{\"@type\":\"ImageObject\",\"inLanguage\":\"ca\",\"@id\":\"https:\/\/www.lisot.com\/ca\/#\/schema\/logo\/image\/\",\"url\":\"https:\/\/www.lisot.com\/wp-content\/uploads\/2017\/06\/mantenimiento-informatico-barcelona-LISOT.png\",\"contentUrl\":\"https:\/\/www.lisot.com\/wp-content\/uploads\/2017\/06\/mantenimiento-informatico-barcelona-LISOT.png\",\"width\":112,\"height\":38,\"caption\":\"Lisot - Inform\u00e1tica empresarial en Barcelona\"},\"image\":{\"@id\":\"https:\/\/www.lisot.com\/ca\/#\/schema\/logo\/image\/\"},\"sameAs\":[\"https:\/\/www.facebook.com\/lisot.bcn\/\",\"https:\/\/es.linkedin.com\/company\/lisot\"]},{\"@type\":\"Person\",\"@id\":\"https:\/\/www.lisot.com\/ca\/#\/schema\/person\/ad47c23ca839daac904ca459ba7089b4\",\"name\":\"Lisot Inform\u00e1tica empresarial\",\"image\":{\"@type\":\"ImageObject\",\"inLanguage\":\"ca\",\"@id\":\"https:\/\/www.lisot.com\/ca\/#\/schema\/person\/image\/\",\"url\":\"https:\/\/secure.gravatar.com\/avatar\/d097aebc0b37148ee92655c7ec8d5736?s=96&d=mm&r=g\",\"contentUrl\":\"https:\/\/secure.gravatar.com\/avatar\/d097aebc0b37148ee92655c7ec8d5736?s=96&d=mm&r=g\",\"caption\":\"Lisot Inform\u00e1tica empresarial\"}}]}<\/script>\n<!-- \/ Yoast SEO plugin. -->","yoast_head_json":{"title":"El 72% de les empreses es planteja \u201crepatriar\u201d les seves dades del n\u00favol - LISOT","description":"Segons un informe elaborat a petici\u00f3 de Cloudera, moltes organitzacions s'han adonat que el cloud computing no \u00e9s tan rendible com es prometia.","robots":{"index":"index","follow":"follow","max-snippet":"max-snippet:-1","max-image-preview":"max-image-preview:large","max-video-preview":"max-video-preview:-1"},"canonical":"https:\/\/www.lisot.com\/ca\/el-72-de-les-empreses-es-planteja-repatriar-les-seves-dades-del-nuvol\/","og_locale":"ca_ES","og_type":"article","og_title":"El 72% de les empreses es planteja \u201crepatriar\u201d les seves dades del n\u00favol - LISOT","og_description":"Segons un informe elaborat a petici\u00f3 de Cloudera, moltes organitzacions s'han adonat que el cloud computing no \u00e9s tan rendible com es prometia.","og_url":"https:\/\/www.lisot.com\/ca\/el-72-de-les-empreses-es-planteja-repatriar-les-seves-dades-del-nuvol\/","og_site_name":"LISOT","article_publisher":"https:\/\/www.facebook.com\/lisot.bcn\/","article_published_time":"2024-04-05T10:09:13+00:00","article_modified_time":"2024-05-06T14:30:39+00:00","og_image":[{"width":1560,"height":960,"url":"https:\/\/www.lisot.com\/wp-content\/uploads\/2024\/04\/data-center-privado-o-nube.jpg","type":"image\/jpeg"}],"author":"Lisot Inform\u00e1tica empresarial","twitter_card":"summary_large_image","twitter_misc":{"Escrit per":"Lisot Inform\u00e1tica empresarial","Temps estimat de lectura":"3 minuts"},"schema":{"@context":"https:\/\/schema.org","@graph":[{"@type":"Article","@id":"https:\/\/www.lisot.com\/ca\/el-72-de-les-empreses-es-planteja-repatriar-les-seves-dades-del-nuvol\/#article","isPartOf":{"@id":"https:\/\/www.lisot.com\/ca\/el-72-de-les-empreses-es-planteja-repatriar-les-seves-dades-del-nuvol\/"},"author":{"name":"Lisot Inform\u00e1tica empresarial","@id":"https:\/\/www.lisot.com\/ca\/#\/schema\/person\/ad47c23ca839daac904ca459ba7089b4"},"headline":"El 72% de les empreses es planteja \u201crepatriar\u201d les seves dades del n\u00favol","datePublished":"2024-04-05T10:09:13+00:00","dateModified":"2024-05-06T14:30:39+00:00","mainEntityOfPage":{"@id":"https:\/\/www.lisot.com\/ca\/el-72-de-les-empreses-es-planteja-repatriar-les-seves-dades-del-nuvol\/"},"wordCount":571,"commentCount":0,"publisher":{"@id":"https:\/\/www.lisot.com\/ca\/#organization"},"image":{"@id":"https:\/\/www.lisot.com\/ca\/el-72-de-les-empreses-es-planteja-repatriar-les-seves-dades-del-nuvol\/#primaryimage"},"thumbnailUrl":"https:\/\/www.lisot.com\/wp-content\/uploads\/2024\/04\/data-center-privado-o-nube.jpg","keywords":["Amazon Web Services","Datacenter","google","Microsoft Azure","nube empresarial","serveis al n\u00favol","serveis inform\u00e0tics per a empreses"],"articleSection":["Cloud Computing"],"inLanguage":"ca","potentialAction":[{"@type":"CommentAction","name":"Comment","target":["https:\/\/www.lisot.com\/ca\/el-72-de-les-empreses-es-planteja-repatriar-les-seves-dades-del-nuvol\/#respond"]}]},{"@type":"WebPage","@id":"https:\/\/www.lisot.com\/ca\/el-72-de-les-empreses-es-planteja-repatriar-les-seves-dades-del-nuvol\/","url":"https:\/\/www.lisot.com\/ca\/el-72-de-les-empreses-es-planteja-repatriar-les-seves-dades-del-nuvol\/","name":"El 72% de les empreses es planteja \u201crepatriar\u201d les seves dades del n\u00favol - LISOT","isPartOf":{"@id":"https:\/\/www.lisot.com\/ca\/#website"},"primaryImageOfPage":{"@id":"https:\/\/www.lisot.com\/ca\/el-72-de-les-empreses-es-planteja-repatriar-les-seves-dades-del-nuvol\/#primaryimage"},"image":{"@id":"https:\/\/www.lisot.com\/ca\/el-72-de-les-empreses-es-planteja-repatriar-les-seves-dades-del-nuvol\/#primaryimage"},"thumbnailUrl":"https:\/\/www.lisot.com\/wp-content\/uploads\/2024\/04\/data-center-privado-o-nube.jpg","datePublished":"2024-04-05T10:09:13+00:00","dateModified":"2024-05-06T14:30:39+00:00","description":"Segons un informe elaborat a petici\u00f3 de Cloudera, moltes organitzacions s'han adonat que el cloud computing no \u00e9s tan rendible com es prometia.","breadcrumb":{"@id":"https:\/\/www.lisot.com\/ca\/el-72-de-les-empreses-es-planteja-repatriar-les-seves-dades-del-nuvol\/#breadcrumb"},"inLanguage":"ca","potentialAction":[{"@type":"ReadAction","target":["https:\/\/www.lisot.com\/ca\/el-72-de-les-empreses-es-planteja-repatriar-les-seves-dades-del-nuvol\/"]}]},{"@type":"ImageObject","inLanguage":"ca","@id":"https:\/\/www.lisot.com\/ca\/el-72-de-les-empreses-es-planteja-repatriar-les-seves-dades-del-nuvol\/#primaryimage","url":"https:\/\/www.lisot.com\/wp-content\/uploads\/2024\/04\/data-center-privado-o-nube.jpg","contentUrl":"https:\/\/www.lisot.com\/wp-content\/uploads\/2024\/04\/data-center-privado-o-nube.jpg","width":1560,"height":960,"caption":"Modern data center providing cloud services, enabling businesses to access computing resources and storage on demand over internet. Server room infrastructure 3D render animation"},{"@type":"BreadcrumbList","@id":"https:\/\/www.lisot.com\/ca\/el-72-de-les-empreses-es-planteja-repatriar-les-seves-dades-del-nuvol\/#breadcrumb","itemListElement":[{"@type":"ListItem","position":1,"name":"Portada","item":"https:\/\/www.lisot.com\/ca\/"},{"@type":"ListItem","position":2,"name":"El 72% de les empreses es planteja \u201crepatriar\u201d les seves dades del n\u00favol"}]},{"@type":"WebSite","@id":"https:\/\/www.lisot.com\/ca\/#website","url":"https:\/\/www.lisot.com\/ca\/","name":"LISOT","description":"Empresa de mantenimient inform\u00e0tic a Barcelona","publisher":{"@id":"https:\/\/www.lisot.com\/ca\/#organization"},"potentialAction":[{"@type":"SearchAction","target":{"@type":"EntryPoint","urlTemplate":"https:\/\/www.lisot.com\/ca\/?s={search_term_string}"},"query-input":{"@type":"PropertyValueSpecification","valueRequired":true,"valueName":"search_term_string"}}],"inLanguage":"ca"},{"@type":"Organization","@id":"https:\/\/www.lisot.com\/ca\/#organization","name":"Lisot - Inform\u00e1tica empresarial en Barcelona","url":"https:\/\/www.lisot.com\/ca\/","logo":{"@type":"ImageObject","inLanguage":"ca","@id":"https:\/\/www.lisot.com\/ca\/#\/schema\/logo\/image\/","url":"https:\/\/www.lisot.com\/wp-content\/uploads\/2017\/06\/mantenimiento-informatico-barcelona-LISOT.png","contentUrl":"https:\/\/www.lisot.com\/wp-content\/uploads\/2017\/06\/mantenimiento-informatico-barcelona-LISOT.png","width":112,"height":38,"caption":"Lisot - Inform\u00e1tica empresarial en Barcelona"},"image":{"@id":"https:\/\/www.lisot.com\/ca\/#\/schema\/logo\/image\/"},"sameAs":["https:\/\/www.facebook.com\/lisot.bcn\/","https:\/\/es.linkedin.com\/company\/lisot"]},{"@type":"Person","@id":"https:\/\/www.lisot.com\/ca\/#\/schema\/person\/ad47c23ca839daac904ca459ba7089b4","name":"Lisot Inform\u00e1tica empresarial","image":{"@type":"ImageObject","inLanguage":"ca","@id":"https:\/\/www.lisot.com\/ca\/#\/schema\/person\/image\/","url":"https:\/\/secure.gravatar.com\/avatar\/d097aebc0b37148ee92655c7ec8d5736?s=96&d=mm&r=g","contentUrl":"https:\/\/secure.gravatar.com\/avatar\/d097aebc0b37148ee92655c7ec8d5736?s=96&d=mm&r=g","caption":"Lisot Inform\u00e1tica empresarial"}}]}},"_links":{"self":[{"href":"https:\/\/www.lisot.com\/ca\/wp-json\/wp\/v2\/posts\/15794"}],"collection":[{"href":"https:\/\/www.lisot.com\/ca\/wp-json\/wp\/v2\/posts"}],"about":[{"href":"https:\/\/www.lisot.com\/ca\/wp-json\/wp\/v2\/types\/post"}],"author":[{"embeddable":true,"href":"https:\/\/www.lisot.com\/ca\/wp-json\/wp\/v2\/users\/1"}],"replies":[{"embeddable":true,"href":"https:\/\/www.lisot.com\/ca\/wp-json\/wp\/v2\/comments?post=15794"}],"version-history":[{"count":4,"href":"https:\/\/www.lisot.com\/ca\/wp-json\/wp\/v2\/posts\/15794\/revisions"}],"predecessor-version":[{"id":15822,"href":"https:\/\/www.lisot.com\/ca\/wp-json\/wp\/v2\/posts\/15794\/revisions\/15822"}],"wp:featuredmedia":[{"embeddable":true,"href":"https:\/\/www.lisot.com\/ca\/wp-json\/wp\/v2\/media\/15796"}],"wp:attachment":[{"href":"https:\/\/www.lisot.com\/ca\/wp-json\/wp\/v2\/media?parent=15794"}],"wp:term":[{"taxonomy":"category","embeddable":true,"href":"https:\/\/www.lisot.com\/ca\/wp-json\/wp\/v2\/categories?post=15794"},{"taxonomy":"post_tag","embeddable":true,"href":"https:\/\/www.lisot.com\/ca\/wp-json\/wp\/v2\/tags?post=15794"}],"curies":[{"name":"wp","href":"https:\/\/api.w.org\/{rel}","templated":true}]}}