{"id":13531,"date":"2020-09-23T10:43:38","date_gmt":"2020-09-23T08:43:38","guid":{"rendered":"https:\/\/www.lisot.com\/digitalitzar-davant-transformacion-digital\/"},"modified":"2020-09-23T10:43:38","modified_gmt":"2020-09-23T08:43:38","slug":"digitalitzar-davant-transformacion-digital","status":"publish","type":"post","link":"https:\/\/www.lisot.com\/ca\/digitalitzar-davant-transformacion-digital\/","title":{"rendered":"Digitalitzar davant transformaci\u00f3 digital"},"content":{"rendered":"<h3>Qu\u00e8 \u00e9s digitalitzar?<\/h3>\n<p>Digitalitzar \u00e9s el proc\u00e9s de convertir la informaci\u00f3 en format f\u00edsic a un format digital llegible per un ordinador. Si transformem les dades a un format digital en lloc mantenir-los en paper arxivat f\u00edsicament, podrem processar-los.<\/p>\n<h3>Digitalitzar vs digitalitzaci\u00f3<\/h3>\n<p>La digitalitzaci\u00f3 amplia la idea de digitalitzar abordant processos que anteriorment depenien d&#8217;informaci\u00f3 no digital. La digitalitzaci\u00f3 se centra en capturar processos que pr\u00e8viament s&#8217;han basat en informaci\u00f3 no digital i codificar-los d&#8217;una manera centrada en el digital.<\/p>\n<p>Els exemples de digitalitzaci\u00f3 inclouen:<\/p>\n<ul>\n<li>&#8220;Capturar&#8221; els fluxos de treball i basats \u200b\u200ben documents existents en representacions inform\u00e0tiques d&#8217;aquests fluxos de treball per a la seva posterior automatitzaci\u00f3 o an\u00e0lisi.<\/li>\n<li>Automatitzaci\u00f3 de processos existents basats \u200b\u200ben les persones.<\/li>\n<li>Aplicar an\u00e0lisis avan\u00e7ades i tecnologies de valor agregat a interaccions basades en documents.<\/li>\n<li>Millora de processos que pr\u00e8viament havien estat manuals per a centrar-se en l&#8217;intercanvi digital d&#8217;informaci\u00f3 (\u00e9s a dir, signatures digitals)<\/li>\n<\/ul>\n<h3>Digitalitzaci\u00f3 i transformaci\u00f3 digital<\/h3>\n<p>A m\u00e9s dels conceptes de digitalitzar i digitalitzaci\u00f3, existeix un altre terme que sovint s&#8217;embolica i es confon amb aquests termes:<strong>transformaci\u00f3 digital.<\/strong> La transformaci\u00f3 digital \u00e9s una idea \u00e0mplia que ha existit durant diverses d\u00e8cades. El concepte de transformaci\u00f3 digital \u00e9s el canvi estrat\u00e8gic i fonamental en les operacions d&#8217;una organitzaci\u00f3, de manera que s\u00f3n impulsades per processos, tecnologies i m\u00e8todes digitals per a permetre altes taxes d&#8217;efici\u00e8ncia. Les organitzacions amb visi\u00f3 de futur estan aprofitant els tremends avan\u00e7os en la tecnologia, emmagatzematge i programari per a equipar digitalment a la seva for\u00e7a laboral i, en el proc\u00e9s, aconseguir una productivitat substancial, estalvis de temps i una major satisfacci\u00f3 dels clients.<\/p>\n<p>Si b\u00e9 digitalitzar \u00e9s el primer pas, l&#8217;optimitzaci\u00f3 de l&#8217;operativa de les empreses implica fer un pas m\u00e9s i que aquesta realitzi una transformaci\u00f3 digital.<\/p>\n<p>Des de <a href=\"https:\/\/www.lisot.com\/empresa-mantenimiento-informatico-barcelona\/\">Lisot inform\u00e0tica empresarial a Barcelona<\/a> podem ajudar-te en la transformaci\u00f3 digital de la teva empresa per a millorar la productivitat.<\/p>\n","protected":false},"excerpt":{"rendered":"<p>Qu\u00e8 \u00e9s digitalitzar? Digitalitzar \u00e9s el proc\u00e9s de convertir la informaci\u00f3 en format f\u00edsic a un format digital llegible per un ordinador. Si transformem les dades a un format digital en lloc mantenir-los en paper arxivat f\u00edsicament, podrem processar-los. Digitalitzar vs digitalitzaci\u00f3 La digitalitzaci\u00f3 amplia la idea de digitalitzar abordant processos que anteriorment depenien d&#8217;informaci\u00f3 no  [&#8230;]<\/p>\n","protected":false},"author":1,"featured_media":13527,"comment_status":"open","ping_status":"open","sticky":false,"template":"","format":"standard","meta":{"_exactmetrics_skip_tracking":false,"_exactmetrics_sitenote_active":false,"_exactmetrics_sitenote_note":"","_exactmetrics_sitenote_category":0,"footnotes":""},"categories":[76,78],"tags":[255,258,150,259,152,257,256],"class_list":["post-13531","post","type-post","status-publish","format-standard","has-post-thumbnail","hentry","category-movilidad-empresaria-ca","category-tecnologia-ca","tag-digitalitzacio","tag-noves-tecnologies","tag-nube-empresarial-ca","tag-productivitat-empresarial","tag-serveis-al-nuvol","tag-serveis-informatics-per-a-empreses","tag-transformacio-digital"],"yoast_head":"<!-- This site is optimized with the Yoast SEO plugin v24.4 - https:\/\/yoast.com\/wordpress\/plugins\/seo\/ -->\n<title>Digitalitzar vs transformaci\u00f3 digital. Lisot inform\u00e0tica empresarial BCN<\/title>\n<meta name=\"description\" content=\"Digitalitzar \u00e9s el primer pas, per\u00f2 l&#039;optimitzaci\u00f3 de l&#039;operativa de les empreses implica que aquesta realitzi una transformaci\u00f3 digital.\" \/>\n<meta name=\"robots\" content=\"index, follow, max-snippet:-1, max-image-preview:large, max-video-preview:-1\" \/>\n<link rel=\"canonical\" href=\"https:\/\/www.lisot.com\/ca\/digitalitzar-davant-transformacion-digital\/\" \/>\n<meta property=\"og:locale\" content=\"ca_ES\" \/>\n<meta property=\"og:type\" content=\"article\" \/>\n<meta property=\"og:title\" content=\"Digitalitzar vs transformaci\u00f3 digital. Lisot inform\u00e0tica empresarial BCN\" \/>\n<meta property=\"og:description\" content=\"Digitalitzar \u00e9s el primer pas, per\u00f2 l&#039;optimitzaci\u00f3 de l&#039;operativa de les empreses implica que aquesta realitzi una transformaci\u00f3 digital.\" \/>\n<meta property=\"og:url\" content=\"https:\/\/www.lisot.com\/ca\/digitalitzar-davant-transformacion-digital\/\" \/>\n<meta property=\"og:site_name\" content=\"LISOT\" \/>\n<meta property=\"article:publisher\" content=\"https:\/\/www.facebook.com\/lisot.bcn\/\" \/>\n<meta property=\"article:published_time\" content=\"2020-09-23T08:43:38+00:00\" \/>\n<meta property=\"og:image\" content=\"https:\/\/www.lisot.com\/wp-content\/uploads\/2020\/09\/transformacion-digital.png\" \/>\n\t<meta property=\"og:image:width\" content=\"977\" \/>\n\t<meta property=\"og:image:height\" content=\"574\" \/>\n\t<meta property=\"og:image:type\" content=\"image\/png\" \/>\n<meta name=\"author\" content=\"Lisot Inform\u00e1tica empresarial\" \/>\n<meta name=\"twitter:card\" content=\"summary_large_image\" \/>\n<meta name=\"twitter:label1\" content=\"Escrit per\" \/>\n\t<meta name=\"twitter:data1\" content=\"Lisot Inform\u00e1tica empresarial\" \/>\n\t<meta name=\"twitter:label2\" content=\"Temps estimat de lectura\" \/>\n\t<meta name=\"twitter:data2\" content=\"2 minuts\" \/>\n<script type=\"application\/ld+json\" class=\"yoast-schema-graph\">{\"@context\":\"https:\/\/schema.org\",\"@graph\":[{\"@type\":\"Article\",\"@id\":\"https:\/\/www.lisot.com\/ca\/digitalitzar-davant-transformacion-digital\/#article\",\"isPartOf\":{\"@id\":\"https:\/\/www.lisot.com\/ca\/digitalitzar-davant-transformacion-digital\/\"},\"author\":{\"name\":\"Lisot Inform\u00e1tica empresarial\",\"@id\":\"https:\/\/www.lisot.com\/ca\/#\/schema\/person\/ad47c23ca839daac904ca459ba7089b4\"},\"headline\":\"Digitalitzar davant transformaci\u00f3 digital\",\"datePublished\":\"2020-09-23T08:43:38+00:00\",\"mainEntityOfPage\":{\"@id\":\"https:\/\/www.lisot.com\/ca\/digitalitzar-davant-transformacion-digital\/\"},\"wordCount\":349,\"commentCount\":0,\"publisher\":{\"@id\":\"https:\/\/www.lisot.com\/ca\/#organization\"},\"image\":{\"@id\":\"https:\/\/www.lisot.com\/ca\/digitalitzar-davant-transformacion-digital\/#primaryimage\"},\"thumbnailUrl\":\"https:\/\/www.lisot.com\/wp-content\/uploads\/2020\/09\/transformacion-digital.png\",\"keywords\":[\"digitalitzaci\u00f3\",\"Noves tecnologies\",\"nube empresarial\",\"Productivitat empresarial\",\"serveis al n\u00favol\",\"serveis inform\u00e0tics per a empreses\",\"transformaci\u00f3 digital\"],\"articleSection\":[\"Mobilitat empresarial\",\"Tecnologia\"],\"inLanguage\":\"ca\",\"potentialAction\":[{\"@type\":\"CommentAction\",\"name\":\"Comment\",\"target\":[\"https:\/\/www.lisot.com\/ca\/digitalitzar-davant-transformacion-digital\/#respond\"]}]},{\"@type\":\"WebPage\",\"@id\":\"https:\/\/www.lisot.com\/ca\/digitalitzar-davant-transformacion-digital\/\",\"url\":\"https:\/\/www.lisot.com\/ca\/digitalitzar-davant-transformacion-digital\/\",\"name\":\"Digitalitzar vs transformaci\u00f3 digital. Lisot inform\u00e0tica empresarial BCN\",\"isPartOf\":{\"@id\":\"https:\/\/www.lisot.com\/ca\/#website\"},\"primaryImageOfPage\":{\"@id\":\"https:\/\/www.lisot.com\/ca\/digitalitzar-davant-transformacion-digital\/#primaryimage\"},\"image\":{\"@id\":\"https:\/\/www.lisot.com\/ca\/digitalitzar-davant-transformacion-digital\/#primaryimage\"},\"thumbnailUrl\":\"https:\/\/www.lisot.com\/wp-content\/uploads\/2020\/09\/transformacion-digital.png\",\"datePublished\":\"2020-09-23T08:43:38+00:00\",\"description\":\"Digitalitzar \u00e9s el primer pas, per\u00f2 l'optimitzaci\u00f3 de l'operativa de les empreses implica que aquesta realitzi una transformaci\u00f3 digital.\",\"breadcrumb\":{\"@id\":\"https:\/\/www.lisot.com\/ca\/digitalitzar-davant-transformacion-digital\/#breadcrumb\"},\"inLanguage\":\"ca\",\"potentialAction\":[{\"@type\":\"ReadAction\",\"target\":[\"https:\/\/www.lisot.com\/ca\/digitalitzar-davant-transformacion-digital\/\"]}]},{\"@type\":\"ImageObject\",\"inLanguage\":\"ca\",\"@id\":\"https:\/\/www.lisot.com\/ca\/digitalitzar-davant-transformacion-digital\/#primaryimage\",\"url\":\"https:\/\/www.lisot.com\/wp-content\/uploads\/2020\/09\/transformacion-digital.png\",\"contentUrl\":\"https:\/\/www.lisot.com\/wp-content\/uploads\/2020\/09\/transformacion-digital.png\",\"width\":977,\"height\":574,\"caption\":\"Transformaci\u00f3 digital\"},{\"@type\":\"BreadcrumbList\",\"@id\":\"https:\/\/www.lisot.com\/ca\/digitalitzar-davant-transformacion-digital\/#breadcrumb\",\"itemListElement\":[{\"@type\":\"ListItem\",\"position\":1,\"name\":\"Portada\",\"item\":\"https:\/\/www.lisot.com\/ca\/\"},{\"@type\":\"ListItem\",\"position\":2,\"name\":\"Digitalitzar davant transformaci\u00f3 digital\"}]},{\"@type\":\"WebSite\",\"@id\":\"https:\/\/www.lisot.com\/ca\/#website\",\"url\":\"https:\/\/www.lisot.com\/ca\/\",\"name\":\"LISOT\",\"description\":\"Empresa de mantenimient inform\u00e0tic a Barcelona\",\"publisher\":{\"@id\":\"https:\/\/www.lisot.com\/ca\/#organization\"},\"potentialAction\":[{\"@type\":\"SearchAction\",\"target\":{\"@type\":\"EntryPoint\",\"urlTemplate\":\"https:\/\/www.lisot.com\/ca\/?s={search_term_string}\"},\"query-input\":{\"@type\":\"PropertyValueSpecification\",\"valueRequired\":true,\"valueName\":\"search_term_string\"}}],\"inLanguage\":\"ca\"},{\"@type\":\"Organization\",\"@id\":\"https:\/\/www.lisot.com\/ca\/#organization\",\"name\":\"Lisot - Inform\u00e1tica empresarial en Barcelona\",\"url\":\"https:\/\/www.lisot.com\/ca\/\",\"logo\":{\"@type\":\"ImageObject\",\"inLanguage\":\"ca\",\"@id\":\"https:\/\/www.lisot.com\/ca\/#\/schema\/logo\/image\/\",\"url\":\"https:\/\/www.lisot.com\/wp-content\/uploads\/2017\/06\/mantenimiento-informatico-barcelona-LISOT.png\",\"contentUrl\":\"https:\/\/www.lisot.com\/wp-content\/uploads\/2017\/06\/mantenimiento-informatico-barcelona-LISOT.png\",\"width\":112,\"height\":38,\"caption\":\"Lisot - Inform\u00e1tica empresarial en Barcelona\"},\"image\":{\"@id\":\"https:\/\/www.lisot.com\/ca\/#\/schema\/logo\/image\/\"},\"sameAs\":[\"https:\/\/www.facebook.com\/lisot.bcn\/\",\"https:\/\/es.linkedin.com\/company\/lisot\"]},{\"@type\":\"Person\",\"@id\":\"https:\/\/www.lisot.com\/ca\/#\/schema\/person\/ad47c23ca839daac904ca459ba7089b4\",\"name\":\"Lisot Inform\u00e1tica empresarial\",\"image\":{\"@type\":\"ImageObject\",\"inLanguage\":\"ca\",\"@id\":\"https:\/\/www.lisot.com\/ca\/#\/schema\/person\/image\/\",\"url\":\"https:\/\/secure.gravatar.com\/avatar\/d097aebc0b37148ee92655c7ec8d5736?s=96&d=mm&r=g\",\"contentUrl\":\"https:\/\/secure.gravatar.com\/avatar\/d097aebc0b37148ee92655c7ec8d5736?s=96&d=mm&r=g\",\"caption\":\"Lisot Inform\u00e1tica empresarial\"}}]}<\/script>\n<!-- \/ Yoast SEO plugin. -->","yoast_head_json":{"title":"Digitalitzar vs transformaci\u00f3 digital. Lisot inform\u00e0tica empresarial BCN","description":"Digitalitzar \u00e9s el primer pas, per\u00f2 l'optimitzaci\u00f3 de l'operativa de les empreses implica que aquesta realitzi una transformaci\u00f3 digital.","robots":{"index":"index","follow":"follow","max-snippet":"max-snippet:-1","max-image-preview":"max-image-preview:large","max-video-preview":"max-video-preview:-1"},"canonical":"https:\/\/www.lisot.com\/ca\/digitalitzar-davant-transformacion-digital\/","og_locale":"ca_ES","og_type":"article","og_title":"Digitalitzar vs transformaci\u00f3 digital. Lisot inform\u00e0tica empresarial BCN","og_description":"Digitalitzar \u00e9s el primer pas, per\u00f2 l'optimitzaci\u00f3 de l'operativa de les empreses implica que aquesta realitzi una transformaci\u00f3 digital.","og_url":"https:\/\/www.lisot.com\/ca\/digitalitzar-davant-transformacion-digital\/","og_site_name":"LISOT","article_publisher":"https:\/\/www.facebook.com\/lisot.bcn\/","article_published_time":"2020-09-23T08:43:38+00:00","og_image":[{"width":977,"height":574,"url":"https:\/\/www.lisot.com\/wp-content\/uploads\/2020\/09\/transformacion-digital.png","type":"image\/png"}],"author":"Lisot Inform\u00e1tica empresarial","twitter_card":"summary_large_image","twitter_misc":{"Escrit per":"Lisot Inform\u00e1tica empresarial","Temps estimat de lectura":"2 minuts"},"schema":{"@context":"https:\/\/schema.org","@graph":[{"@type":"Article","@id":"https:\/\/www.lisot.com\/ca\/digitalitzar-davant-transformacion-digital\/#article","isPartOf":{"@id":"https:\/\/www.lisot.com\/ca\/digitalitzar-davant-transformacion-digital\/"},"author":{"name":"Lisot Inform\u00e1tica empresarial","@id":"https:\/\/www.lisot.com\/ca\/#\/schema\/person\/ad47c23ca839daac904ca459ba7089b4"},"headline":"Digitalitzar davant transformaci\u00f3 digital","datePublished":"2020-09-23T08:43:38+00:00","mainEntityOfPage":{"@id":"https:\/\/www.lisot.com\/ca\/digitalitzar-davant-transformacion-digital\/"},"wordCount":349,"commentCount":0,"publisher":{"@id":"https:\/\/www.lisot.com\/ca\/#organization"},"image":{"@id":"https:\/\/www.lisot.com\/ca\/digitalitzar-davant-transformacion-digital\/#primaryimage"},"thumbnailUrl":"https:\/\/www.lisot.com\/wp-content\/uploads\/2020\/09\/transformacion-digital.png","keywords":["digitalitzaci\u00f3","Noves tecnologies","nube empresarial","Productivitat empresarial","serveis al n\u00favol","serveis inform\u00e0tics per a empreses","transformaci\u00f3 digital"],"articleSection":["Mobilitat empresarial","Tecnologia"],"inLanguage":"ca","potentialAction":[{"@type":"CommentAction","name":"Comment","target":["https:\/\/www.lisot.com\/ca\/digitalitzar-davant-transformacion-digital\/#respond"]}]},{"@type":"WebPage","@id":"https:\/\/www.lisot.com\/ca\/digitalitzar-davant-transformacion-digital\/","url":"https:\/\/www.lisot.com\/ca\/digitalitzar-davant-transformacion-digital\/","name":"Digitalitzar vs transformaci\u00f3 digital. Lisot inform\u00e0tica empresarial BCN","isPartOf":{"@id":"https:\/\/www.lisot.com\/ca\/#website"},"primaryImageOfPage":{"@id":"https:\/\/www.lisot.com\/ca\/digitalitzar-davant-transformacion-digital\/#primaryimage"},"image":{"@id":"https:\/\/www.lisot.com\/ca\/digitalitzar-davant-transformacion-digital\/#primaryimage"},"thumbnailUrl":"https:\/\/www.lisot.com\/wp-content\/uploads\/2020\/09\/transformacion-digital.png","datePublished":"2020-09-23T08:43:38+00:00","description":"Digitalitzar \u00e9s el primer pas, per\u00f2 l'optimitzaci\u00f3 de l'operativa de les empreses implica que aquesta realitzi una transformaci\u00f3 digital.","breadcrumb":{"@id":"https:\/\/www.lisot.com\/ca\/digitalitzar-davant-transformacion-digital\/#breadcrumb"},"inLanguage":"ca","potentialAction":[{"@type":"ReadAction","target":["https:\/\/www.lisot.com\/ca\/digitalitzar-davant-transformacion-digital\/"]}]},{"@type":"ImageObject","inLanguage":"ca","@id":"https:\/\/www.lisot.com\/ca\/digitalitzar-davant-transformacion-digital\/#primaryimage","url":"https:\/\/www.lisot.com\/wp-content\/uploads\/2020\/09\/transformacion-digital.png","contentUrl":"https:\/\/www.lisot.com\/wp-content\/uploads\/2020\/09\/transformacion-digital.png","width":977,"height":574,"caption":"Transformaci\u00f3 digital"},{"@type":"BreadcrumbList","@id":"https:\/\/www.lisot.com\/ca\/digitalitzar-davant-transformacion-digital\/#breadcrumb","itemListElement":[{"@type":"ListItem","position":1,"name":"Portada","item":"https:\/\/www.lisot.com\/ca\/"},{"@type":"ListItem","position":2,"name":"Digitalitzar davant transformaci\u00f3 digital"}]},{"@type":"WebSite","@id":"https:\/\/www.lisot.com\/ca\/#website","url":"https:\/\/www.lisot.com\/ca\/","name":"LISOT","description":"Empresa de mantenimient inform\u00e0tic a Barcelona","publisher":{"@id":"https:\/\/www.lisot.com\/ca\/#organization"},"potentialAction":[{"@type":"SearchAction","target":{"@type":"EntryPoint","urlTemplate":"https:\/\/www.lisot.com\/ca\/?s={search_term_string}"},"query-input":{"@type":"PropertyValueSpecification","valueRequired":true,"valueName":"search_term_string"}}],"inLanguage":"ca"},{"@type":"Organization","@id":"https:\/\/www.lisot.com\/ca\/#organization","name":"Lisot - Inform\u00e1tica empresarial en Barcelona","url":"https:\/\/www.lisot.com\/ca\/","logo":{"@type":"ImageObject","inLanguage":"ca","@id":"https:\/\/www.lisot.com\/ca\/#\/schema\/logo\/image\/","url":"https:\/\/www.lisot.com\/wp-content\/uploads\/2017\/06\/mantenimiento-informatico-barcelona-LISOT.png","contentUrl":"https:\/\/www.lisot.com\/wp-content\/uploads\/2017\/06\/mantenimiento-informatico-barcelona-LISOT.png","width":112,"height":38,"caption":"Lisot - Inform\u00e1tica empresarial en Barcelona"},"image":{"@id":"https:\/\/www.lisot.com\/ca\/#\/schema\/logo\/image\/"},"sameAs":["https:\/\/www.facebook.com\/lisot.bcn\/","https:\/\/es.linkedin.com\/company\/lisot"]},{"@type":"Person","@id":"https:\/\/www.lisot.com\/ca\/#\/schema\/person\/ad47c23ca839daac904ca459ba7089b4","name":"Lisot Inform\u00e1tica empresarial","image":{"@type":"ImageObject","inLanguage":"ca","@id":"https:\/\/www.lisot.com\/ca\/#\/schema\/person\/image\/","url":"https:\/\/secure.gravatar.com\/avatar\/d097aebc0b37148ee92655c7ec8d5736?s=96&d=mm&r=g","contentUrl":"https:\/\/secure.gravatar.com\/avatar\/d097aebc0b37148ee92655c7ec8d5736?s=96&d=mm&r=g","caption":"Lisot Inform\u00e1tica empresarial"}}]}},"_links":{"self":[{"href":"https:\/\/www.lisot.com\/ca\/wp-json\/wp\/v2\/posts\/13531"}],"collection":[{"href":"https:\/\/www.lisot.com\/ca\/wp-json\/wp\/v2\/posts"}],"about":[{"href":"https:\/\/www.lisot.com\/ca\/wp-json\/wp\/v2\/types\/post"}],"author":[{"embeddable":true,"href":"https:\/\/www.lisot.com\/ca\/wp-json\/wp\/v2\/users\/1"}],"replies":[{"embeddable":true,"href":"https:\/\/www.lisot.com\/ca\/wp-json\/wp\/v2\/comments?post=13531"}],"version-history":[{"count":0,"href":"https:\/\/www.lisot.com\/ca\/wp-json\/wp\/v2\/posts\/13531\/revisions"}],"wp:featuredmedia":[{"embeddable":true,"href":"https:\/\/www.lisot.com\/ca\/wp-json\/wp\/v2\/media\/13527"}],"wp:attachment":[{"href":"https:\/\/www.lisot.com\/ca\/wp-json\/wp\/v2\/media?parent=13531"}],"wp:term":[{"taxonomy":"category","embeddable":true,"href":"https:\/\/www.lisot.com\/ca\/wp-json\/wp\/v2\/categories?post=13531"},{"taxonomy":"post_tag","embeddable":true,"href":"https:\/\/www.lisot.com\/ca\/wp-json\/wp\/v2\/tags?post=13531"}],"curies":[{"name":"wp","href":"https:\/\/api.w.org\/{rel}","templated":true}]}}